{"id":1989,"date":"2026-09-03T15:26:23","date_gmt":"2026-09-03T15:26:23","guid":{"rendered":"https:\/\/orkenyi.hu\/?p=1989"},"modified":"2026-09-03T15:35:46","modified_gmt":"2026-09-03T15:35:46","slug":"globalis-ai-leallas-2026-szeptember-3-an-tulterheles-infrastruktura-vagy-valami-mas","status":"publish","type":"post","link":"https:\/\/orkenyi.hu\/en\/globalis-ai-leallas-2026-szeptember-3-an-tulterheles-infrastruktura-vagy-valami-mas\/","title":{"rendered":"Glob\u00e1lis AI-le\u00e1ll\u00e1s 2026. szeptember 3-\u00e1n: T\u00falterhel\u00e9s, infrastrukt\u00fara vagy valami m\u00e1s?"},"content":{"rendered":"<ol start=\"2026\" class=\"wp-block-list\">\n<li>szeptember 3. \u2013 Technol\u00f3giai \u00f6sszeoml\u00e1s r\u00e1zta meg a mesters\u00e9ges intelligencia vil\u00e1g\u00e1t.<\/li>\n<\/ol>\n\n\n\n<p class=\"wp-block-paragraph\">A mai nap folyam\u00e1n a vil\u00e1g h\u00e1rom legnagyobb AI-asszisztense \u2013 az OpenAI ChatGPT-je, az Anthropic Claude-ja \u00e9s a Google Gemini \u2013 s\u00falyos \u00fczemzavarokkal k\u00fczd\u00f6tt, vagy teljesen el\u00e9rhetetlenn\u00e9 v\u00e1lt. M\u00edg a hivatalos szervek m\u0171szaki hib\u00e1ra hivatkoznak, az esem\u00e9nyek egyre m\u00e9lyebb k\u00e9rd\u00e9seket vetnek fel digit\u00e1lis f\u00fcgg\u0151s\u00e9g\u00fcnkr\u0151l \u00e9s az AI-infrastrukt\u00fara t\u00f6r\u00e9kenys\u00e9g\u00e9r\u0151l.<\/p>\n\n\n\n<h2 class=\"wp-block-heading\">1. A T\u00c9NYEK: Mi t\u00f6rt\u00e9nt pontosan?<\/h2>\n\n\n\n<p class=\"wp-block-paragraph\">A felhaszn\u00e1l\u00f3i jelent\u00e9sek \u00e9s a szolg\u00e1ltat\u00e1sok st\u00e1tuszoldalai alapj\u00e1n a helyzet a k\u00f6vetkez\u0151k\u00e9ppen alakult:<\/p>\n\n\n\n<p class=\"wp-block-paragraph\"><strong>Claude (Anthropic):<\/strong>&nbsp;A szolg\u00e1ltat\u00e1s a nap nagy r\u00e9sz\u00e9ben 529-es t\u00falterhelts\u00e9gi hib\u00e1t (HTTP 529 Service Busy) jelzett. A&nbsp;<a href=\"https:\/\/status.claude.com\/\" target=\"_blank\" rel=\"noopener\">hivatalos st\u00e1tuszoldal<\/a>&nbsp;meger\u0151s\u00edtette, hogy ez egy szerveroldali probl\u00e9ma, amely a legfejlettebb modelleket (Mythos 5.1, Fable 5.1, Opus 5) \u00e9rinti. A hibaelh\u00e1r\u00edt\u00e1s 13:26 UTC k\u00f6r\u00fcl kezd\u0151d\u00f6tt, \u00e9s eg\u00e9sz d\u00e9lut\u00e1n folyt.<\/p>\n\n\n\n<p class=\"wp-block-paragraph\"><strong>ChatGPT (OpenAI):<\/strong>&nbsp;A szolg\u00e1ltat\u00e1s sz\u00e1mos felhaszn\u00e1l\u00f3 sz\u00e1m\u00e1ra egy\u00e1ltal\u00e1n nem t\u00f6lt\u00f6tt be, vagy \u00e9rtelmezhetetlen hib\u00e1kat jelzett. B\u00e1r hivatalos k\u00f6zlem\u00e9ny nem jelent meg, a&nbsp;<a href=\"https:\/\/downdetector.com\/\" target=\"_blank\" rel=\"noopener\">Downdetectoron<\/a>&nbsp;\u00e9s k\u00f6z\u00f6ss\u00e9gi f\u00f3rumokon t\u00f6bb ezres bejelent\u00e9shull\u00e1m s\u00f6p\u00f6rt v\u00e9gig.<\/p>\n\n\n\n<p class=\"wp-block-paragraph\"><strong>Gemini (Google):<\/strong>&nbsp;A Google asszisztense eset\u00e9ben vegyesek a jelent\u00e9sek: egyesekn\u00e9l m\u0171k\u00f6dik, m\u00e1sokn\u00e1l lass\u00fa vagy hib\u00e1s v\u00e1laszokat ad, ami szint\u00e9n rendszerterhel\u00e9sre utal.<\/p>\n\n\n\n<h2 class=\"wp-block-heading\">2. A HIVATALOS VERZI\u00d3: \u00d6sszeomlott felh\u0151infrastrukt\u00fara<\/h2>\n\n\n\n<p class=\"wp-block-paragraph\">A szak\u00e9rt\u0151i k\u00f6r\u00f6kben \u00e9s a technol\u00f3giai sajt\u00f3ban a legelfogadottabb magyar\u00e1zat szerint a le\u00e1ll\u00e1sok gy\u00f6kere egy megosztott felh\u0151szolg\u00e1ltat\u00e1s, a&nbsp;<a href=\"https:\/\/azure.status.microsoft\/\" target=\"_blank\" rel=\"noopener\">Microsoft Azure<\/a>&nbsp;meghib\u00e1sod\u00e1sa.<\/p>\n\n\n\n<p class=\"wp-block-paragraph\">Mindh\u00e1rom \u00e9rintett v\u00e1llalat \u2013 OpenAI, Anthropic \u00e9s r\u00e9szben a Google is \u2013 jelent\u0151s m\u00e9rt\u00e9kben t\u00e1maszkodik az Azure sz\u00e1m\u00edt\u00e1si kapacit\u00e1saira. Egy felt\u00e9telezett hiba, h\u00e1l\u00f3zati anom\u00e1lia vagy er\u0151forr\u00e1s-kimer\u00fcl\u00e9s ebben a rendszerben egyszerre b\u00e9n\u00edthatta meg az \u00f6sszes \u00e9rintett AI-modellt. Ez a magyar\u00e1zat logikus \u00e9s k\u00e9zenfekv\u0151, hiszen magyar\u00e1zza az egyidej\u0171s\u00e9get.<\/p>\n\n\n\n<h2 class=\"wp-block-heading\">3. SZAKMAI SPEKUL\u00c1CI\u00d3K: Mi lehet m\u00e9g a h\u00e1tt\u00e9rben?<\/h2>\n\n\n\n<p class=\"wp-block-paragraph\">B\u00e1r a felh\u0151s kimarad\u00e1s a legval\u00f3sz\u00edn\u0171bb, a szakm\u00e1ban t\u00f6bb alternat\u00edv, vagy kieg\u00e9sz\u00edt\u0151 elm\u00e9let is felmer\u00fclt:<\/p>\n\n\n\n<p class=\"wp-block-paragraph\"><strong>A) Modellfriss\u00edt\u00e9s &#8222;\u00e9lesben&#8221;<\/strong><\/p>\n\n\n\n<p class=\"wp-block-paragraph\">Lehets\u00e9ges, hogy valamelyik v\u00e1llalat (vagy mindh\u00e1rom) egy \u00faj, nagy teljes\u00edtm\u00e9ny\u0171 modellfriss\u00edt\u00e9st (esetleg a Claude Opus 5.1 vagy egy GPT-5 el\u0151zetes verzi\u00f3j\u00e1t) vezette be \u00e9les k\u00f6rnyezetben. Egy ilyen modell v\u00e1ratlan sz\u00e1m\u00edt\u00e1si ig\u00e9nye k\u00f6nnyen t\u00falterhelheti a teljes h\u00e1tt\u00e9rrendszert, \u00e9s mag\u00e1val r\u00e1nthatja a t\u00f6bbi, k\u00f6z\u00f6s infrastrukt\u00far\u00e1n fut\u00f3 szolg\u00e1ltat\u00e1st is.<\/p>\n\n\n\n<p class=\"wp-block-paragraph\"><strong>B) Adatk\u00f6zponti kies\u00e9s<\/strong><\/p>\n\n\n\n<p class=\"wp-block-paragraph\">Egy nagyobb eur\u00f3pai vagy amerikai adatk\u00f6zpont (p\u00e9ld\u00e1ul az Azure nyugat-eur\u00f3pai r\u00e9gi\u00f3ja) h\u0171t\u00e9si, \u00e1ramell\u00e1t\u00e1si vagy h\u00e1l\u00f3zati probl\u00e9m\u00e1ja is okozhatott l\u00e1ncreakci\u00f3t. A modern AI-rendszerek redundanci\u00e1ja ellen\u00e9re egy kulcsfontoss\u00e1g\u00fa csom\u00f3pont elveszt\u00e9se glob\u00e1lis le\u00e1ll\u00e1shoz vezethet.<\/p>\n\n\n\n<p class=\"wp-block-paragraph\"><strong>C) Kiberbiztons\u00e1gi incidens<\/strong><\/p>\n\n\n\n<p class=\"wp-block-paragraph\">B\u00e1r ezt hivatalosan egyik c\u00e9g sem er\u0151s\u00edtette meg, egy \u00f6sszehangolt DDoS-t\u00e1mad\u00e1s vagy egy kritikus biztons\u00e1gi r\u00e9s kihaszn\u00e1l\u00e1sa is elk\u00e9pzelhet\u0151. Egy ilyen esetben a c\u00e9gek gyakran ink\u00e1bb &#8222;m\u0171szaki hib\u00e1r\u00f3l&#8221; besz\u00e9lnek, hogy elker\u00fclj\u00e9k a p\u00e1nikot vagy a bizalomveszt\u00e9st.<\/p>\n\n\n\n<h2 class=\"wp-block-heading\">4. A KONTE\u00d3S VERZI\u00d3: Mi van, ha ez nem baleset?<\/h2>\n\n\n\n<p class=\"wp-block-paragraph\">El\u00e9rkezt\u00fcnk a cikk\u00fcnk leg\u00edzgalmasabb r\u00e9sz\u00e9hez. Term\u00e9szetesen ez nem t\u00e9ny, hanem mer\u00e9sz spekul\u00e1ci\u00f3, amely a mai esem\u00e9nyekre \u00e9s a geopolitikai helyzetre \u00e9p\u00edt.<\/p>\n\n\n\n<p class=\"wp-block-paragraph\"><strong>Az elm\u00e9let: Egy &#8222;figyelmeztet\u0151 l\u00f6v\u00e9s&#8221; a f\u00fcggetlens\u00e9g\u00e9rt.<\/strong><\/p>\n\n\n\n<p class=\"wp-block-paragraph\">A konte\u00f3 logik\u00e1ja:<\/p>\n\n\n\n<p class=\"wp-block-paragraph\">Az el\u0151zm\u00e9ny: 2026. j\u00fanius 12-\u00e9n az&nbsp;<a href=\"https:\/\/www.anthropic.com\/news\/restricting-access-to-frontier-models\" target=\"_blank\" rel=\"noopener\">Anthropic a Trump-adminisztr\u00e1ci\u00f3 k\u00e9r\u00e9s\u00e9re<\/a>&nbsp;azonnali hat\u00e1llyal elz\u00e1rta legfejlettebb modelljeit (Fable 5, Mythos 5) a nem amerikai \u00e1llampolg\u00e1rok el\u0151l, &#8222;nemzetbiztons\u00e1gi&#8221; okokra hivatkozva. Ez hatalmas sokkot okozott Eur\u00f3p\u00e1ban, \u00e9s r\u00e1vil\u00e1g\u00edtott, hogy az EU mennyire kiszolg\u00e1ltatott az amerikai technol\u00f3gi\u00e1nak.<\/p>\n\n\n\n<p class=\"wp-block-paragraph\">A sz\u00ednfalak m\u00f6g\u00f6tt: Az eset \u00f3ta az EU \u00e9s az USA k\u00f6z\u00f6tt heves t\u00e1rgyal\u00e1sok folynak a digit\u00e1lis szuverenit\u00e1sr\u00f3l \u00e9s az AI-technol\u00f3gia exportj\u00e1r\u00f3l. Az eur\u00f3pai vezet\u0151k nyom\u00e1st gyakorolnak az amerikai tech\u00f3ri\u00e1sokra, hogy enged\u00e9lyezz\u00e9k a modellek eur\u00f3pai adatk\u00f6zpontokban val\u00f3 futtat\u00e1s\u00e1t vagy adjanak \u00e1t kulcsfontoss\u00e1g\u00fa k\u00f3dokat. (<a href=\"https:\/\/www.politico.eu\/article\/eu-us-ai-sovereignty-talks-stalled\" target=\"_blank\" rel=\"noopener\">Politico jelent\u00e9s<\/a>)<\/p>\n\n\n\n<p class=\"wp-block-paragraph\">A mai &#8222;le\u00e1ll\u00e1s&#8221;: Mi van, ha a mai esem\u00e9ny nem egy baleset, hanem egy sz\u00e1nd\u00e9kos demonstr\u00e1ci\u00f3? Mi van, ha a Microsoft Azure vagy az amerikai korm\u00e1nyzat k\u00f6zeli k\u00f6rei mesters\u00e9gesen korl\u00e1tozt\u00e1k a kapacit\u00e1st egy r\u00f6vid id\u0151re?<\/p>\n\n\n\n<p class=\"wp-block-paragraph\">Ez egy \u00fczenet volt a vil\u00e1gnak \u00e9s k\u00fcl\u00f6n\u00f6sen Eur\u00f3p\u00e1nak: &#8222;Mi, amerikaiak, egy gombnyom\u00e1ssal le tudjuk \u00e1ll\u00edtani a teljes glob\u00e1lis AI-infrastrukt\u00far\u00e1t, ha akarjuk. Ne gondolj\u00e1tok komolyan a saj\u00e1t szab\u00e1lyoz\u00e1saitokat vagy f\u00fcggetlens\u00e9gi t\u00f6rekv\u00e9seiteket, mert a technol\u00f3gia a mi kez\u00fcnkben van.&#8221;<\/p>\n\n\n\n<p class=\"wp-block-paragraph\">Egy ilyen &#8222;bemutat\u00f3&#8221; nem hagyna maradand\u00f3 k\u00e1rokat, de a pszichol\u00f3giai hat\u00e1sa felbecs\u00fclhetetlen lenne. A mai k\u00e1osz \u00e9s bizonytalans\u00e1g pedig t\u00f6k\u00e9letesen p\u00e9ld\u00e1zza, milyen k\u00f6nny\u0171 egy eg\u00e9sz kontinenst digit\u00e1lis s\u00f6t\u00e9ts\u00e9gbe tasz\u00edtani.<\/p>\n\n\n\n<p class=\"wp-block-paragraph\">A val\u00f3s\u00e1g val\u00f3sz\u00edn\u0171leg a hivatalos verzi\u00f3 k\u00f6r\u00fcl van: egy technikai hiba a k\u00f6zponti felh\u0151infrastrukt\u00far\u00e1ban. Azonban a j\u00faniusi amerikai &#8222;kikapcsol\u00f3 gomb&#8221; \u00f3ta minden ilyen esem\u00e9ny \u00faj megvil\u00e1g\u00edt\u00e1sba ker\u00fcl. A mai nap ism\u00e9telten r\u00e1vil\u00e1g\u00edtott arra, hogy a vil\u00e1g legfejlettebb technol\u00f3gi\u00e1ja n\u00e9h\u00e1ny amerikai v\u00e1llalat \u00e9s adatk\u00f6zpontjuk kez\u00e9ben \u00f6sszpontosul. Ez nem csak egy technikai, hanem egyre ink\u00e1bb geopolitikai \u00e9s biztons\u00e1gpolitikai k\u00e9rd\u00e9s.<\/p>\n\n\n\n<p class=\"wp-block-paragraph\">Am\u00edg a m\u00e9rn\u00f6k\u00f6k jav\u00edtj\u00e1k a szervereket, addig a d\u00f6nt\u00e9shoz\u00f3knak azon kell gondolkodniuk, hogyan lehetne ezt a f\u00fcgg\u0151s\u00e9get hossz\u00fa t\u00e1von cs\u00f6kkenteni.<\/p>","protected":false},"excerpt":{"rendered":"<p>A mai nap folyam\u00e1n a vil\u00e1g h\u00e1rom legnagyobb AI-asszisztense \u2013 az OpenAI ChatGPT-je, az Anthropic Claude-ja \u00e9s a Google Gemini \u2013 s\u00falyos \u00fczemzavarokkal k\u00fczd\u00f6tt, vagy teljesen el\u00e9rhetetlenn\u00e9 v\u00e1lt. M\u00edg a hivatalos szervek m\u0171szaki hib\u00e1ra hivatkoznak, az esem\u00e9nyek egyre m\u00e9lyebb k\u00e9rd\u00e9seket vetnek fel digit\u00e1lis f\u00fcgg\u0151s\u00e9g\u00fcnkr\u0151l \u00e9s az AI-infrastrukt\u00fara t\u00f6r\u00e9kenys\u00e9g\u00e9r\u0151l. 1. A T\u00c9NYEK: Mi t\u00f6rt\u00e9nt pontosan? A [&hellip;]<\/p>\n","protected":false},"author":1,"featured_media":1991,"comment_status":"closed","ping_status":"closed","sticky":false,"template":"","format":"standard","meta":{"_seopress_titles_title":"Glob\u00e1lis AI-le\u00e1ll\u00e1s 2026. szeptember 3-\u00e1n \u2013 ChatGPT, Claude \u00e9s Gemini \u00f6sszeomlott","_seopress_titles_desc":"2026. szeptember 3-\u00e1n a vil\u00e1g h\u00e1rom legnagyobb AI-asszisztense \u2013 ChatGPT, Claude \u00e9s Gemini \u2013 egyidej\u0171leg v\u00e1lt el\u00e9rhetetlenn\u00e9. Mi \u00e1ll az 529-es hibak\u00f3dok \u00e9s a teljes le\u00e1ll\u00e1s h\u00e1tter\u00e9ben? Technikai hiba, geopolitikai j\u00e1tszma vagy valami m\u00e1s? Cikk\u00fcnkben r\u00e9szletesen elemezz\u00fck az esem\u00e9nyeket.","_seopress_robots_index":"","_seopress_robots_follow":"","_seopress_robots_imageindex":"","_seopress_robots_snippet":"","_seopress_robots_primary_cat":"","_seopress_robots_breadcrumbs":"","_seopress_robots_freeze_modified_date":"","_seopress_robots_custom_modified_date":"","_seopress_robots_canonical":"","_seopress_social_fb_title":"","_seopress_social_fb_desc":"","_seopress_social_fb_img":"","_seopress_social_fb_img_attachment_id":0,"_seopress_social_fb_img_width":0,"_seopress_social_fb_img_height":0,"_seopress_social_twitter_title":"","_seopress_social_twitter_desc":"","_seopress_social_twitter_img":"","_seopress_social_twitter_img_attachment_id":0,"_seopress_social_twitter_img_width":0,"_seopress_social_twitter_img_height":0,"_seopress_redirections_value":"","_seopress_redirections_enabled":"","_seopress_redirections_enabled_regex":"","_seopress_redirections_logged_status":"","_seopress_redirections_param":"","_seopress_redirections_type":0,"_seopress_analysis_target_kw":"","_seopress_news_disabled":"","_seopress_video_disabled":"","_seopress_video":[],"_seopress_pro_schemas_manual":[],"_seopress_pro_rich_snippets_disable_all":"","_seopress_pro_rich_snippets_disable":[],"_seopress_pro_schemas":[],"footnotes":""},"categories":[1],"tags":[],"temakor":[],"class_list":["post-1989","post","type-post","status-publish","format-standard","has-post-thumbnail","hentry","category-uncategorized"],"_links":{"self":[{"href":"https:\/\/orkenyi.hu\/en\/wp-json\/wp\/v2\/posts\/1989","targetHints":{"allow":["GET"]}}],"collection":[{"href":"https:\/\/orkenyi.hu\/en\/wp-json\/wp\/v2\/posts"}],"about":[{"href":"https:\/\/orkenyi.hu\/en\/wp-json\/wp\/v2\/types\/post"}],"author":[{"embeddable":true,"href":"https:\/\/orkenyi.hu\/en\/wp-json\/wp\/v2\/users\/1"}],"replies":[{"embeddable":true,"href":"https:\/\/orkenyi.hu\/en\/wp-json\/wp\/v2\/comments?post=1989"}],"version-history":[{"count":3,"href":"https:\/\/orkenyi.hu\/en\/wp-json\/wp\/v2\/posts\/1989\/revisions"}],"predecessor-version":[{"id":1993,"href":"https:\/\/orkenyi.hu\/en\/wp-json\/wp\/v2\/posts\/1989\/revisions\/1993"}],"wp:featuredmedia":[{"embeddable":true,"href":"https:\/\/orkenyi.hu\/en\/wp-json\/wp\/v2\/media\/1991"}],"wp:attachment":[{"href":"https:\/\/orkenyi.hu\/en\/wp-json\/wp\/v2\/media?parent=1989"}],"wp:term":[{"taxonomy":"category","embeddable":true,"href":"https:\/\/orkenyi.hu\/en\/wp-json\/wp\/v2\/categories?post=1989"},{"taxonomy":"post_tag","embeddable":true,"href":"https:\/\/orkenyi.hu\/en\/wp-json\/wp\/v2\/tags?post=1989"},{"taxonomy":"temakor","embeddable":true,"href":"https:\/\/orkenyi.hu\/en\/wp-json\/wp\/v2\/temakor?post=1989"}],"curies":[{"name":"wp","href":"https:\/\/api.w.org\/{rel}","templated":true}]}}